{"id":2731,"date":"2020-06-10T10:45:10","date_gmt":"2020-06-10T08:45:10","guid":{"rendered":"https:\/\/stage.fjallmaraton.se\/fjallmaraton-2020-and-covid-19\/"},"modified":"2020-06-10T10:49:42","modified_gmt":"2020-06-10T08:49:42","slug":"fjallmaraton-2020-and-covid-19","status":"publish","type":"post","link":"https:\/\/stage.fjallmaraton.se\/en\/fjallmaraton-2020-and-covid-19\/","title":{"rendered":"Fj\u00e4llmaraton 2020 and Covid-19"},"content":{"rendered":"\n<p>Many of you will hopefully be pleased to hear that this year\u2019s Fj\u00e4llmaraton will go ahead this summer\u2013albeit with appropriate modifications to ensure you, as competitors, spectators and family members, can all comply with social distancing standards. <\/p>\n\n<p>Keep reading to see the steps that Fj\u00e4llmaraton is taking for each event: <\/p>\n\n<p>Welcome to J\u00e4mtlandsfj\u00e4llens this summer!<\/p>\n\n<h1 class=\"wp-block-heading\"><b>KIA Fj\u00e4llmaraton 25 July &#8211; 1 Aug<\/b><\/h1>\n\n<p><span style=\"font-weight: 400;\">Fj\u00e4llmaratonweek will take place, as planned, from July 25th onwards.<\/span>&#13;\n&#13;\n<b>All races:<\/b><\/p>\n\n<ul class=\"wp-block-list\"><li><span style=\"font-weight: 400;\">Reduced start fields: <\/span><b><i>Salomon 27K<\/i><\/b><span style=\"font-weight: 400;\"> and <\/span><b><i>KIA Fj\u00e4llmaraton<\/i><\/b><span style=\"font-weight: 400;\"> will be limited to a <strong>maximum number of 500<\/strong> participants, while <\/span><b><i>Fj\u00e4llmaraton 100K<\/i><\/b><span style=\"font-weight: 400;\">, <\/span><b><i>V\u00e4lliste Runt<\/i><\/b><span style=\"font-weight: 400;\"> and <\/span><b><i>Kvartsmaraton<\/i><\/b><span style=\"font-weight: 400;\"> will be limited to <\/span><b><i>max 300 <\/i><\/b><span style=\"font-weight: 400;\">entrants.<\/span><\/li><li>No mass start: Entrants will have a three-hour open window during which they can choose when they take to the start line. Your start time will be registered as you pass the line with your timing chip. Split times will be recorded at mid-race checkpoints too. The results for all of the distances will be based on your finish line time.<\/li><li>Reduced post-race socialising with fellow competitors: Designated transfer shuttles will whisk you swiftly away to your accommodation after finishing your race.<\/li><li>Start number collection: in close cooperation with our accommodation partners, our revised approach will ensure that queues are avoided and start numbers can be collected easily. This is to limit large gatherings of people at \u00c5re Torg. <\/li><li>Max 50 people on each start line transfer bus. <\/li><li>More detailed information for the start number collection for vulnerable people during the event will be provided. Stay tuned; we are working very hard with our partners and accommodation providers to ensure that we minimise the risk of infection.<\/li><\/ul>\n<p><b>KIA Fj\u00e4llmaraton, 100K, Salomon 27K and Peak Performance Vertical K:<\/b><\/p>\n\n<ul class=\"wp-block-list\"><li><span style=\"font-weight: 400;\">Reduced number of competitors in the two main races: <\/span><b><i>Salomon 27K<\/i><\/b><span style=\"font-weight: 400;\"> och <\/span><b><i>KIA Fj\u00e4llmaraton<\/i><\/b><span style=\"font-weight: 400;\"> will have a starting field of <\/span><b><i>max 500<\/i><\/b><span style=\"font-weight: 400;\"> entrants.<\/span><\/li><li>Elite athletes will be split into two start groups. 50 women and 50 men, split over two separate starts, scheduled to depart after the open start window as these races include prize money for the top athletes (ITRA points count towards qualifying for the elite field, or wild card entrants for select individuals).<\/li><li>Live streamed prize ceremony for the races with cash prizes.<\/li><\/ul>\n<p><b>Cancelled Events in 2020:<\/b><\/p>\n\n<p><b><i>Sprinten<\/i><\/b><span style=\"font-weight: 400;\"> will not take place in 2020. Given its likelihood to draw in the crowds in central \u00c5re, this event has been scrapped as we cannot permit any crowds bigger than 50 people.<\/span><\/p>\n\n<p><span style=\"font-weight: 400;\">The <\/span><b><i>Minimaraton<\/i><\/b><span style=\"font-weight: 400;\"> changes its format for 2020. With something in the region of 250 kids each year \u2013 plus double the number of parents and responsible adults \u2013 we have decided to create two well-marked routes in Eds\u00e5sdale that will remain open and signposted for the duration of Fj\u00e4llmaratonveckan. This approach gives families total flexibility on their choice of day and time and will be a fun way to spend a free day.<\/span>&#13;\n&#13;\n<span style=\"font-weight: 400;\">All kids that complete one of the routes during the week will receive Fika and a commemorative souvenir. <\/span><\/p>\n\n<h1 class=\"wp-block-heading\"><b>The wider concept of Choose Your Day<\/b><\/h1>\n\n<p><span style=\"font-weight: 400;\">We have a solution for those who have missed out on an entry to your dream race this year, or if you are already entered for certain races but feel uncomfortable with the notion of increased tourists in the region during the week.<\/span>&#13;\n&#13;\n<span style=\"font-weight: 400;\">Throughout the summer we will introduce the Choose Your Day<\/span> <span style=\"font-weight: 400;\">option. A separate entry form will be created for the following race routes: <\/span><b><i>V\u00e4lliste Runt<\/i><\/b><span style=\"font-weight: 400;\">, <\/span><b><i>Kvartsmaraton<\/i><\/b><span style=\"font-weight: 400;\">,\u00a0 <\/span><b><i>Peak Performance Vertical K<\/i><\/b><span style=\"font-weight: 400;\">, <\/span><b><i>Salomon 27K <\/i><\/b><span style=\"font-weight: 400;\">and <\/span><b><i>KIA Fj\u00e4llmaraton<\/i><\/b><span style=\"font-weight: 400;\">.<\/span>&#13;\n&#13;\n<span style=\"font-weight: 400;\">\u00a0<\/span>&#13;\n&#13;\n<span style=\"font-weight: 400;\">The Choose Your Day concept gives you total flexibility to participate in your chosen race on your own terms \u2013 with the bonus of the same race-day access to chip timing and transfer shuttles as you would expect. The results for each race route will be updated daily between the Choose Your Day period of 27th June \u2013 16th August.<\/span>&#13;\n&#13;\n<span style=\"font-weight: 400;\">Stay tuned for the next newsletter in which we will explain how to change your current entry and register for this new concept.<\/span><\/p>\n\n<h1 class=\"wp-block-heading\"><b>No Tour de Fj\u00e4llmaraton in 2020<\/b><\/h1>\n\n<p><span style=\"font-weight: 400;\">Those entered for the <\/span><b><i>Tour de Fj\u00e4llmaraton <\/i><\/b><span style=\"font-weight: 400;\">will be offered free start places in all of our individual events during the KIA Fj\u00e4llmaraton 25 July \u2013 1 Aug as well as the \u00d6ppet Fj\u00e4ll on 8 August. Alternatively, entries can be deferred to 2021.<\/span>&#13;\n&#13;\n<span style=\"font-weight: 400;\">Given the unique circumstances facing the 2020 edition (namely the increased pressure to ensure the smooth, socially distanced running of the standard events), we do not feel we are in a position to fulfil our own high standards for the Tour. For this reason, we have decided to put the Tour on hold for 2020 and ensure that the 2021 edition is even bigger and better with extra special stages and additional races.<\/span>&#13;\n&#13;\n<span style=\"font-weight: 400;\">On Wednesday we will send an extra newsletter to those affected by this decision with information on how to defer your Tour entry for 2021 or re-register for all the individual events in 2020.<\/span>&#13;\n&#13;\nP\u00e5 grund av den ut\u00f6kade belastningen p\u00e5 organisationen att genomf\u00f6ra s\u00e4kra arrangemang av de befintliga loppen under veckan kommer vi inte att m\u00e4kta med att genomf\u00f6ra en s\u00e5 h\u00f6gkvalitativ Tour som vi vill med de extralopp som de unika extra etapperna inneb\u00e4r, d\u00e4rf\u00f6r v\u00e4ljer vi att pausa Touren 2020 och ladda f\u00f6r 2021 ist\u00e4llet.&#13;\n&#13;\nVi kommer att skicka ett separat nyhetsbrev p\u00e5 onsdag med all info om hur omregistrering till lopp eller uppskjutning till 2021 g\u00f6rs till er som det ber\u00f6r.<\/p>\n\n<h1 class=\"wp-block-heading\"><b>\u00d6ppet Fj\u00e4ll runs on 8 Aug 2020<\/b><\/h1>\n\n<p>As announced previously, \u00d6ppet Fj\u00e4ll will now run on 8 August. You will also have the opportunity to run this event throughout the summe<\/p>\n\n<h1 class=\"wp-block-heading\"><b>BUFF Bydalsfj\u00e4llen as planned<\/b><\/h1>\n\n<p><span style=\"font-weight: 400;\">BUFF Fj\u00e4llmaraton Bydalsfj\u00e4llen will take place as planned on 22 August.\u00a0<\/span>&#13;\n&#13;\n<span style=\"font-weight: 400;\">Currently this is set to adhere to the same measures as outlined above \u2013 including the revised approach to start number collection, start windows, transfers etc.\u00a0<\/span>&#13;\n&#13;\n<span style=\"font-weight: 400;\">However, as this event takes place later in the summer, the situation may be more stable and restrictions may have eased; if so, this race may look more like its original self.<\/span><\/p>\n","protected":false},"excerpt":{"rendered":"<p>Many of you will hopefully be pleased to hear that this year\u2019s Fj\u00e4llmaraton will go ahead this summer\u2013albeit with appropriate modifications to ensure you, as competitors, spectators and family members, can all comply with social distancing standards. Keep reading to see the steps that Fj\u00e4llmaraton is taking for each event: Welcome to J\u00e4mtlandsfj\u00e4llens this summer!&hellip;&nbsp;<a href=\"https:\/\/stage.fjallmaraton.se\/en\/fjallmaraton-2020-and-covid-19\/\" rel=\"bookmark\">Read More &raquo;<span class=\"screen-reader-text\">Fj\u00e4llmaraton 2020 and Covid-19<\/span><\/a><\/p>\n","protected":false},"author":1,"featured_media":2727,"comment_status":"open","ping_status":"open","sticky":false,"template":"","format":"standard","meta":{"_acf_changed":false,"inline_featured_image":false,"neve_meta_sidebar":"","neve_meta_container":"","neve_meta_enable_content_width":"off","neve_meta_content_width":0,"neve_meta_title_alignment":"","neve_meta_author_avatar":"","neve_post_elements_order":"","neve_meta_disable_header":"","neve_meta_disable_footer":"","neve_meta_disable_title":"","footnotes":""},"categories":[17],"tags":[],"class_list":["post-2731","post","type-post","status-publish","format-standard","has-post-thumbnail","hentry","category-uncategorized"],"acf":[],"yoast_head":"<!-- This site is optimized with the Yoast SEO plugin v27.5 - https:\/\/yoast.com\/product\/yoast-seo-wordpress\/ -->\n<title>Fj\u00e4llmaraton 2020 and Covid-19 - Fj\u00e4llmaraton<\/title>\n<meta name=\"robots\" content=\"noindex, follow, max-snippet:-1, max-image-preview:large, max-video-preview:-1\" \/>\n<meta property=\"og:locale\" content=\"en_US\" \/>\n<meta property=\"og:type\" content=\"article\" \/>\n<meta property=\"og:title\" content=\"Fj\u00e4llmaraton 2020 and Covid-19 - Fj\u00e4llmaraton\" \/>\n<meta property=\"og:description\" content=\"Many of you will hopefully be pleased to hear that this year\u2019s Fj\u00e4llmaraton will go ahead this summer\u2013albeit with appropriate modifications to ensure you, as competitors, spectators and family members, can all comply with social distancing standards. Keep reading to see the steps that Fj\u00e4llmaraton is taking for each event: Welcome to J\u00e4mtlandsfj\u00e4llens this summer!&hellip;&nbsp;Read More &raquo;Fj\u00e4llmaraton 2020 and Covid-19\" \/>\n<meta property=\"og:url\" content=\"https:\/\/stage.fjallmaraton.se\/en\/fjallmaraton-2020-and-covid-19\/\" \/>\n<meta property=\"og:site_name\" content=\"Fj\u00e4llmaraton\" \/>\n<meta property=\"article:publisher\" content=\"https:\/\/www.facebook.com\/fjallmaraton\/\" \/>\n<meta property=\"article:published_time\" content=\"2020-06-10T08:45:10+00:00\" \/>\n<meta property=\"article:modified_time\" content=\"2020-06-10T08:49:42+00:00\" \/>\n<meta property=\"og:image\" content=\"https:\/\/stage.fjallmaraton.se\/wp-content\/uploads\/2020\/06\/DSC5997-scaled.jpg\" \/>\n\t<meta property=\"og:image:width\" content=\"2560\" \/>\n\t<meta property=\"og:image:height\" content=\"1708\" \/>\n\t<meta property=\"og:image:type\" content=\"image\/jpeg\" \/>\n<meta name=\"author\" content=\"admin\" \/>\n<meta name=\"twitter:card\" content=\"summary_large_image\" \/>\n<meta name=\"twitter:label1\" content=\"Written by\" \/>\n\t<meta name=\"twitter:data1\" content=\"admin\" \/>\n\t<meta name=\"twitter:label2\" content=\"Est. reading time\" \/>\n\t<meta name=\"twitter:data2\" content=\"5 minutes\" \/>\n<script type=\"application\/ld+json\" class=\"yoast-schema-graph\">{\"@context\":\"https:\\\/\\\/schema.org\",\"@graph\":[{\"@type\":\"Article\",\"@id\":\"https:\\\/\\\/stage.fjallmaraton.se\\\/en\\\/fjallmaraton-2020-and-covid-19\\\/#article\",\"isPartOf\":{\"@id\":\"https:\\\/\\\/stage.fjallmaraton.se\\\/en\\\/fjallmaraton-2020-and-covid-19\\\/\"},\"author\":{\"name\":\"admin\",\"@id\":\"https:\\\/\\\/stage.fjallmaraton.se\\\/en\\\/#\\\/schema\\\/person\\\/f2fd7a3d2eb3df437048dfd7987a2b76\"},\"headline\":\"Fj\u00e4llmaraton 2020 and Covid-19\",\"datePublished\":\"2020-06-10T08:45:10+00:00\",\"dateModified\":\"2020-06-10T08:49:42+00:00\",\"mainEntityOfPage\":{\"@id\":\"https:\\\/\\\/stage.fjallmaraton.se\\\/en\\\/fjallmaraton-2020-and-covid-19\\\/\"},\"wordCount\":1015,\"commentCount\":0,\"publisher\":{\"@id\":\"https:\\\/\\\/stage.fjallmaraton.se\\\/en\\\/#organization\"},\"image\":{\"@id\":\"https:\\\/\\\/stage.fjallmaraton.se\\\/en\\\/fjallmaraton-2020-and-covid-19\\\/#primaryimage\"},\"thumbnailUrl\":\"https:\\\/\\\/stage.fjallmaraton.se\\\/wp-content\\\/uploads\\\/2020\\\/06\\\/DSC5997-scaled.jpg\",\"inLanguage\":\"en-US\",\"potentialAction\":[{\"@type\":\"CommentAction\",\"name\":\"Comment\",\"target\":[\"https:\\\/\\\/stage.fjallmaraton.se\\\/en\\\/fjallmaraton-2020-and-covid-19\\\/#respond\"]}]},{\"@type\":\"WebPage\",\"@id\":\"https:\\\/\\\/stage.fjallmaraton.se\\\/en\\\/fjallmaraton-2020-and-covid-19\\\/\",\"url\":\"https:\\\/\\\/stage.fjallmaraton.se\\\/en\\\/fjallmaraton-2020-and-covid-19\\\/\",\"name\":\"Fj\u00e4llmaraton 2020 and Covid-19 - Fj\u00e4llmaraton\",\"isPartOf\":{\"@id\":\"https:\\\/\\\/stage.fjallmaraton.se\\\/en\\\/#website\"},\"primaryImageOfPage\":{\"@id\":\"https:\\\/\\\/stage.fjallmaraton.se\\\/en\\\/fjallmaraton-2020-and-covid-19\\\/#primaryimage\"},\"image\":{\"@id\":\"https:\\\/\\\/stage.fjallmaraton.se\\\/en\\\/fjallmaraton-2020-and-covid-19\\\/#primaryimage\"},\"thumbnailUrl\":\"https:\\\/\\\/stage.fjallmaraton.se\\\/wp-content\\\/uploads\\\/2020\\\/06\\\/DSC5997-scaled.jpg\",\"datePublished\":\"2020-06-10T08:45:10+00:00\",\"dateModified\":\"2020-06-10T08:49:42+00:00\",\"breadcrumb\":{\"@id\":\"https:\\\/\\\/stage.fjallmaraton.se\\\/en\\\/fjallmaraton-2020-and-covid-19\\\/#breadcrumb\"},\"inLanguage\":\"en-US\",\"potentialAction\":[{\"@type\":\"ReadAction\",\"target\":[\"https:\\\/\\\/stage.fjallmaraton.se\\\/en\\\/fjallmaraton-2020-and-covid-19\\\/\"]}]},{\"@type\":\"ImageObject\",\"inLanguage\":\"en-US\",\"@id\":\"https:\\\/\\\/stage.fjallmaraton.se\\\/en\\\/fjallmaraton-2020-and-covid-19\\\/#primaryimage\",\"url\":\"https:\\\/\\\/stage.fjallmaraton.se\\\/wp-content\\\/uploads\\\/2020\\\/06\\\/DSC5997-scaled.jpg\",\"contentUrl\":\"https:\\\/\\\/stage.fjallmaraton.se\\\/wp-content\\\/uploads\\\/2020\\\/06\\\/DSC5997-scaled.jpg\",\"width\":2560,\"height\":1708},{\"@type\":\"BreadcrumbList\",\"@id\":\"https:\\\/\\\/stage.fjallmaraton.se\\\/en\\\/fjallmaraton-2020-and-covid-19\\\/#breadcrumb\",\"itemListElement\":[{\"@type\":\"ListItem\",\"position\":1,\"name\":\"Hem\",\"item\":\"https:\\\/\\\/stage.fjallmaraton.se\\\/en\\\/\"},{\"@type\":\"ListItem\",\"position\":2,\"name\":\"Fj\u00e4llmaraton 2020 and Covid-19\"}]},{\"@type\":\"WebSite\",\"@id\":\"https:\\\/\\\/stage.fjallmaraton.se\\\/en\\\/#website\",\"url\":\"https:\\\/\\\/stage.fjallmaraton.se\\\/en\\\/\",\"name\":\"Fj\u00e4llmaraton\",\"description\":\"Upplevelsel\u00f6pning i fj\u00e4llmilj\u00f6\",\"publisher\":{\"@id\":\"https:\\\/\\\/stage.fjallmaraton.se\\\/en\\\/#organization\"},\"potentialAction\":[{\"@type\":\"SearchAction\",\"target\":{\"@type\":\"EntryPoint\",\"urlTemplate\":\"https:\\\/\\\/stage.fjallmaraton.se\\\/en\\\/?s={search_term_string}\"},\"query-input\":{\"@type\":\"PropertyValueSpecification\",\"valueRequired\":true,\"valueName\":\"search_term_string\"}}],\"inLanguage\":\"en-US\"},{\"@type\":\"Organization\",\"@id\":\"https:\\\/\\\/stage.fjallmaraton.se\\\/en\\\/#organization\",\"name\":\"Fj\u00e4llmaraton\",\"url\":\"https:\\\/\\\/stage.fjallmaraton.se\\\/en\\\/\",\"logo\":{\"@type\":\"ImageObject\",\"inLanguage\":\"en-US\",\"@id\":\"https:\\\/\\\/stage.fjallmaraton.se\\\/en\\\/#\\\/schema\\\/logo\\\/image\\\/\",\"url\":\"https:\\\/\\\/stage.fjallmaraton.se\\\/wp-content\\\/uploads\\\/2019\\\/11\\\/fjallmaraton_neg_cropped-1.png\",\"contentUrl\":\"https:\\\/\\\/stage.fjallmaraton.se\\\/wp-content\\\/uploads\\\/2019\\\/11\\\/fjallmaraton_neg_cropped-1.png\",\"width\":1976,\"height\":233,\"caption\":\"Fj\u00e4llmaraton\"},\"image\":{\"@id\":\"https:\\\/\\\/stage.fjallmaraton.se\\\/en\\\/#\\\/schema\\\/logo\\\/image\\\/\"},\"sameAs\":[\"https:\\\/\\\/www.facebook.com\\\/fjallmaraton\\\/\",\"https:\\\/\\\/www.instagram.com\\\/fjallmaraton\\\/\",\"https:\\\/\\\/www.youtube.com\\\/user\\\/VertexEventTV\"]},{\"@type\":\"Person\",\"@id\":\"https:\\\/\\\/stage.fjallmaraton.se\\\/en\\\/#\\\/schema\\\/person\\\/f2fd7a3d2eb3df437048dfd7987a2b76\",\"name\":\"admin\",\"image\":{\"@type\":\"ImageObject\",\"inLanguage\":\"en-US\",\"@id\":\"https:\\\/\\\/secure.gravatar.com\\\/avatar\\\/280d22515b34a58e8a2830214508e1d43ebd509f004a81bcd46afc242bef2d6c?s=96&d=mm&r=g\",\"url\":\"https:\\\/\\\/secure.gravatar.com\\\/avatar\\\/280d22515b34a58e8a2830214508e1d43ebd509f004a81bcd46afc242bef2d6c?s=96&d=mm&r=g\",\"contentUrl\":\"https:\\\/\\\/secure.gravatar.com\\\/avatar\\\/280d22515b34a58e8a2830214508e1d43ebd509f004a81bcd46afc242bef2d6c?s=96&d=mm&r=g\",\"caption\":\"admin\"}}]}<\/script>\n<!-- \/ Yoast SEO plugin. -->","yoast_head_json":{"title":"Fj\u00e4llmaraton 2020 and Covid-19 - Fj\u00e4llmaraton","robots":{"index":"noindex","follow":"follow","max-snippet":"max-snippet:-1","max-image-preview":"max-image-preview:large","max-video-preview":"max-video-preview:-1"},"og_locale":"en_US","og_type":"article","og_title":"Fj\u00e4llmaraton 2020 and Covid-19 - Fj\u00e4llmaraton","og_description":"Many of you will hopefully be pleased to hear that this year\u2019s Fj\u00e4llmaraton will go ahead this summer\u2013albeit with appropriate modifications to ensure you, as competitors, spectators and family members, can all comply with social distancing standards. Keep reading to see the steps that Fj\u00e4llmaraton is taking for each event: Welcome to J\u00e4mtlandsfj\u00e4llens this summer!&hellip;&nbsp;Read More &raquo;Fj\u00e4llmaraton 2020 and Covid-19","og_url":"https:\/\/stage.fjallmaraton.se\/en\/fjallmaraton-2020-and-covid-19\/","og_site_name":"Fj\u00e4llmaraton","article_publisher":"https:\/\/www.facebook.com\/fjallmaraton\/","article_published_time":"2020-06-10T08:45:10+00:00","article_modified_time":"2020-06-10T08:49:42+00:00","og_image":[{"width":2560,"height":1708,"url":"https:\/\/stage.fjallmaraton.se\/wp-content\/uploads\/2020\/06\/DSC5997-scaled.jpg","type":"image\/jpeg"}],"author":"admin","twitter_card":"summary_large_image","twitter_misc":{"Written by":"admin","Est. reading time":"5 minutes"},"schema":{"@context":"https:\/\/schema.org","@graph":[{"@type":"Article","@id":"https:\/\/stage.fjallmaraton.se\/en\/fjallmaraton-2020-and-covid-19\/#article","isPartOf":{"@id":"https:\/\/stage.fjallmaraton.se\/en\/fjallmaraton-2020-and-covid-19\/"},"author":{"name":"admin","@id":"https:\/\/stage.fjallmaraton.se\/en\/#\/schema\/person\/f2fd7a3d2eb3df437048dfd7987a2b76"},"headline":"Fj\u00e4llmaraton 2020 and Covid-19","datePublished":"2020-06-10T08:45:10+00:00","dateModified":"2020-06-10T08:49:42+00:00","mainEntityOfPage":{"@id":"https:\/\/stage.fjallmaraton.se\/en\/fjallmaraton-2020-and-covid-19\/"},"wordCount":1015,"commentCount":0,"publisher":{"@id":"https:\/\/stage.fjallmaraton.se\/en\/#organization"},"image":{"@id":"https:\/\/stage.fjallmaraton.se\/en\/fjallmaraton-2020-and-covid-19\/#primaryimage"},"thumbnailUrl":"https:\/\/stage.fjallmaraton.se\/wp-content\/uploads\/2020\/06\/DSC5997-scaled.jpg","inLanguage":"en-US","potentialAction":[{"@type":"CommentAction","name":"Comment","target":["https:\/\/stage.fjallmaraton.se\/en\/fjallmaraton-2020-and-covid-19\/#respond"]}]},{"@type":"WebPage","@id":"https:\/\/stage.fjallmaraton.se\/en\/fjallmaraton-2020-and-covid-19\/","url":"https:\/\/stage.fjallmaraton.se\/en\/fjallmaraton-2020-and-covid-19\/","name":"Fj\u00e4llmaraton 2020 and Covid-19 - Fj\u00e4llmaraton","isPartOf":{"@id":"https:\/\/stage.fjallmaraton.se\/en\/#website"},"primaryImageOfPage":{"@id":"https:\/\/stage.fjallmaraton.se\/en\/fjallmaraton-2020-and-covid-19\/#primaryimage"},"image":{"@id":"https:\/\/stage.fjallmaraton.se\/en\/fjallmaraton-2020-and-covid-19\/#primaryimage"},"thumbnailUrl":"https:\/\/stage.fjallmaraton.se\/wp-content\/uploads\/2020\/06\/DSC5997-scaled.jpg","datePublished":"2020-06-10T08:45:10+00:00","dateModified":"2020-06-10T08:49:42+00:00","breadcrumb":{"@id":"https:\/\/stage.fjallmaraton.se\/en\/fjallmaraton-2020-and-covid-19\/#breadcrumb"},"inLanguage":"en-US","potentialAction":[{"@type":"ReadAction","target":["https:\/\/stage.fjallmaraton.se\/en\/fjallmaraton-2020-and-covid-19\/"]}]},{"@type":"ImageObject","inLanguage":"en-US","@id":"https:\/\/stage.fjallmaraton.se\/en\/fjallmaraton-2020-and-covid-19\/#primaryimage","url":"https:\/\/stage.fjallmaraton.se\/wp-content\/uploads\/2020\/06\/DSC5997-scaled.jpg","contentUrl":"https:\/\/stage.fjallmaraton.se\/wp-content\/uploads\/2020\/06\/DSC5997-scaled.jpg","width":2560,"height":1708},{"@type":"BreadcrumbList","@id":"https:\/\/stage.fjallmaraton.se\/en\/fjallmaraton-2020-and-covid-19\/#breadcrumb","itemListElement":[{"@type":"ListItem","position":1,"name":"Hem","item":"https:\/\/stage.fjallmaraton.se\/en\/"},{"@type":"ListItem","position":2,"name":"Fj\u00e4llmaraton 2020 and Covid-19"}]},{"@type":"WebSite","@id":"https:\/\/stage.fjallmaraton.se\/en\/#website","url":"https:\/\/stage.fjallmaraton.se\/en\/","name":"Fj\u00e4llmaraton","description":"Upplevelsel\u00f6pning i fj\u00e4llmilj\u00f6","publisher":{"@id":"https:\/\/stage.fjallmaraton.se\/en\/#organization"},"potentialAction":[{"@type":"SearchAction","target":{"@type":"EntryPoint","urlTemplate":"https:\/\/stage.fjallmaraton.se\/en\/?s={search_term_string}"},"query-input":{"@type":"PropertyValueSpecification","valueRequired":true,"valueName":"search_term_string"}}],"inLanguage":"en-US"},{"@type":"Organization","@id":"https:\/\/stage.fjallmaraton.se\/en\/#organization","name":"Fj\u00e4llmaraton","url":"https:\/\/stage.fjallmaraton.se\/en\/","logo":{"@type":"ImageObject","inLanguage":"en-US","@id":"https:\/\/stage.fjallmaraton.se\/en\/#\/schema\/logo\/image\/","url":"https:\/\/stage.fjallmaraton.se\/wp-content\/uploads\/2019\/11\/fjallmaraton_neg_cropped-1.png","contentUrl":"https:\/\/stage.fjallmaraton.se\/wp-content\/uploads\/2019\/11\/fjallmaraton_neg_cropped-1.png","width":1976,"height":233,"caption":"Fj\u00e4llmaraton"},"image":{"@id":"https:\/\/stage.fjallmaraton.se\/en\/#\/schema\/logo\/image\/"},"sameAs":["https:\/\/www.facebook.com\/fjallmaraton\/","https:\/\/www.instagram.com\/fjallmaraton\/","https:\/\/www.youtube.com\/user\/VertexEventTV"]},{"@type":"Person","@id":"https:\/\/stage.fjallmaraton.se\/en\/#\/schema\/person\/f2fd7a3d2eb3df437048dfd7987a2b76","name":"admin","image":{"@type":"ImageObject","inLanguage":"en-US","@id":"https:\/\/secure.gravatar.com\/avatar\/280d22515b34a58e8a2830214508e1d43ebd509f004a81bcd46afc242bef2d6c?s=96&d=mm&r=g","url":"https:\/\/secure.gravatar.com\/avatar\/280d22515b34a58e8a2830214508e1d43ebd509f004a81bcd46afc242bef2d6c?s=96&d=mm&r=g","contentUrl":"https:\/\/secure.gravatar.com\/avatar\/280d22515b34a58e8a2830214508e1d43ebd509f004a81bcd46afc242bef2d6c?s=96&d=mm&r=g","caption":"admin"}}]}},"_links":{"self":[{"href":"https:\/\/stage.fjallmaraton.se\/en\/wp-json\/wp\/v2\/posts\/2731","targetHints":{"allow":["GET"]}}],"collection":[{"href":"https:\/\/stage.fjallmaraton.se\/en\/wp-json\/wp\/v2\/posts"}],"about":[{"href":"https:\/\/stage.fjallmaraton.se\/en\/wp-json\/wp\/v2\/types\/post"}],"author":[{"embeddable":true,"href":"https:\/\/stage.fjallmaraton.se\/en\/wp-json\/wp\/v2\/users\/1"}],"replies":[{"embeddable":true,"href":"https:\/\/stage.fjallmaraton.se\/en\/wp-json\/wp\/v2\/comments?post=2731"}],"version-history":[{"count":4,"href":"https:\/\/stage.fjallmaraton.se\/en\/wp-json\/wp\/v2\/posts\/2731\/revisions"}],"predecessor-version":[{"id":2736,"href":"https:\/\/stage.fjallmaraton.se\/en\/wp-json\/wp\/v2\/posts\/2731\/revisions\/2736"}],"wp:featuredmedia":[{"embeddable":true,"href":"https:\/\/stage.fjallmaraton.se\/en\/wp-json\/wp\/v2\/media\/2727"}],"wp:attachment":[{"href":"https:\/\/stage.fjallmaraton.se\/en\/wp-json\/wp\/v2\/media?parent=2731"}],"wp:term":[{"taxonomy":"category","embeddable":true,"href":"https:\/\/stage.fjallmaraton.se\/en\/wp-json\/wp\/v2\/categories?post=2731"},{"taxonomy":"post_tag","embeddable":true,"href":"https:\/\/stage.fjallmaraton.se\/en\/wp-json\/wp\/v2\/tags?post=2731"}],"curies":[{"name":"wp","href":"https:\/\/api.w.org\/{rel}","templated":true}]}}